{"id":216,"date":"2026-03-09T11:23:26","date_gmt":"2026-03-09T10:23:26","guid":{"rendered":"https:\/\/dorffestgruiten.de\/dfg\/?p=216"},"modified":"2026-03-09T11:23:28","modified_gmt":"2026-03-09T10:23:28","slug":"216","status":"publish","type":"post","link":"https:\/\/dorffestgruiten.de\/dfg\/2026\/03\/09\/216\/","title":{"rendered":"Dorffest 2026"},"content":{"rendered":"<p>[et_pb_section fb_built=&#8220;1&#8243; theme_builder_area=&#8220;post_content&#8220; _builder_version=&#8220;4.27.6&#8243; _module_preset=&#8220;default&#8220;][et_pb_row _builder_version=&#8220;4.27.6&#8243; _module_preset=&#8220;default&#8220; theme_builder_area=&#8220;post_content&#8220;][et_pb_column _builder_version=&#8220;4.27.6&#8243; _module_preset=&#8220;default&#8220; type=&#8220;4_4&#8243; theme_builder_area=&#8220;post_content&#8220;][et_pb_text _builder_version=&#8220;4.27.6&#8243; _module_preset=&#8220;default&#8220; theme_builder_area=&#8220;post_content&#8220; hover_enabled=&#8220;0&#8243; sticky_enabled=&#8220;0&#8243;]<\/p>\n<p>Das n\u00e4chste Dorffest Gruiten wird am 13. und 14. Juni gefeiert; k\u00fcnftig immer am<br \/>zweiten Wochenende im Juni. Ab sofort k\u00f6nnen sich Vereine oder Einzelpersonen<br \/>f\u00fcr einen Stand bewerben. Ein entsprechendes Formular kann von der Website des<br \/>Dorffestverein Gruiten (<a href=\"https:\/\/dorffestgruiten.de\">dorffestgruiten.de<\/a>) heruntergeladen werden. Es ist nach<br \/>dem Ausf\u00fcllen wieder beim Vorstand einzureichen; bis sp\u00e4testens 13. M\u00e4rz soll es<br \/>auch elektronisch ausf\u00fcllbar sein, k\u00fcndigte Schatzmeister und IT-Fachmann Oliver<br \/>Gloth an. Anfang M\u00e4rz hat es eine erste Versammlung gegeben, bei der etwa zwei<br \/>Dutzend Vereine \u00fcber das Dorffest informiert wurden und \u00dcberlegungen zu<br \/>eigenen Angeboten genannt haben.<br \/>Der Bewerbungsschluss ist am 18. M\u00e4rz. Denn erst danach kann mit der<br \/>Feinplanung des Festes begonnen werden. Schlie\u00dflich brauchen die \u201eTechniker\u201c<br \/>Angaben dar\u00fcber, ob an einem Stand Strom und Wasser vorhanden sein m\u00fcssen.<br \/>Vereinsvorsitzende Carmen Adolphi betont, die Angaben \u00fcber den geplanten<br \/>Verkauf von Ess- oder Trinkbarem seien wichtig f\u00fcr die Gesamtplanung des Festes.<br \/>Seit 1980 wird das Dorffest gefeiert; die Premiere war ein Volksfest zur<br \/>abgeschlossenen Sanierung des Hauses am Quall. Aber sp\u00e4testens seit dem<br \/>ersten \u201erichtigen\u201c Dorffest 1981 war das Fest zugleich auch ein Schaufenster f\u00fcr<br \/>Gruitener Vereine, die sich und ihre Arbeit vorstellen konnten. Diese Bedeutung will<br \/>der neue, im November 2025 gegr\u00fcndete Dorffestverein Gruiten wieder st\u00e4rker in<br \/>den Fokus nehmen.<br \/>So sind alle Vereine aufgerufen, sich auch auf und vor der B\u00fchne auf dem<br \/>Dorfanger zu pr\u00e4sentieren. Da k\u00f6nnten Einradfahrer ebenso herumkurven wie<br \/>Gymnastikgruppen auftreten. Oder kleine Kampfsportler k\u00f6nnten Kostproben ihres<br \/>K\u00f6nnens geben. Alle Vereine haben die Chance, an Infost\u00e4nden auch um neue<br \/>Mitglieder zu werben. Denn wo sonst k\u00f6nnen so schnell rund 10.000 Besucher<br \/>erreicht werden, die das weitum beliebte Dorffest erfahrungsgem\u00e4\u00df anlockt.<br \/>Einzige Bedingung f\u00fcr die Teilnahme ist die Mitgliedschaft im Dorffestverein, der<br \/>einen Jahresbeitrag von 36 Euro f\u00fcr Vereine und Privatleute erhebt.<br \/>Eine Tombola soll wieder eine wichtige S\u00e4ule zur Dorffest-Finanzierung sein. Die<br \/>Einnahmen aus dem Losverkauf helfen ma\u00dfgeblich dabei, die Kosten zu decken.<br \/>F\u00fcr einen Lospreis von 2 Euro gibt es die Chance auf einen wertvollen Sachpreis<br \/>oder Gutschein oder gar auf den Hauptgewinn von 500 Euro. Der Losverkauf l\u00e4uft<br \/>\u00fcber die Vereine.<\/p>\n<p>[\/et_pb_text][\/et_pb_column][\/et_pb_row][\/et_pb_section]<\/p>\n","protected":false},"excerpt":{"rendered":"<p>Das n\u00e4chste Dorffest Gruiten wird am 13. und 14. Juni gefeiert; k\u00fcnftig immer amzweiten Wochenende im Juni. Ab sofort k\u00f6nnen sich Vereine oder Einzelpersonenf\u00fcr einen Stand bewerben. Ein entsprechendes Formular kann von der Website desDorffestverein Gruiten (dorffestgruiten.de) heruntergeladen werden. Es ist nachdem Ausf\u00fcllen wieder beim Vorstand einzureichen; bis sp\u00e4testens 13. M\u00e4rz soll esauch elektronisch ausf\u00fcllbar [&hellip;]<\/p>\n","protected":false},"author":1,"featured_media":188,"comment_status":"closed","ping_status":"open","sticky":false,"template":"","format":"standard","meta":{"_et_pb_use_builder":"on","_et_pb_old_content":"","_et_gb_content_width":"","footnotes":""},"categories":[1],"tags":[],"class_list":["post-216","post","type-post","status-publish","format-standard","has-post-thumbnail","hentry","category-allgemein"],"_links":{"self":[{"href":"https:\/\/dorffestgruiten.de\/dfg\/wp-json\/wp\/v2\/posts\/216","targetHints":{"allow":["GET"]}}],"collection":[{"href":"https:\/\/dorffestgruiten.de\/dfg\/wp-json\/wp\/v2\/posts"}],"about":[{"href":"https:\/\/dorffestgruiten.de\/dfg\/wp-json\/wp\/v2\/types\/post"}],"author":[{"embeddable":true,"href":"https:\/\/dorffestgruiten.de\/dfg\/wp-json\/wp\/v2\/users\/1"}],"replies":[{"embeddable":true,"href":"https:\/\/dorffestgruiten.de\/dfg\/wp-json\/wp\/v2\/comments?post=216"}],"version-history":[{"count":4,"href":"https:\/\/dorffestgruiten.de\/dfg\/wp-json\/wp\/v2\/posts\/216\/revisions"}],"predecessor-version":[{"id":221,"href":"https:\/\/dorffestgruiten.de\/dfg\/wp-json\/wp\/v2\/posts\/216\/revisions\/221"}],"wp:featuredmedia":[{"embeddable":true,"href":"https:\/\/dorffestgruiten.de\/dfg\/wp-json\/wp\/v2\/media\/188"}],"wp:attachment":[{"href":"https:\/\/dorffestgruiten.de\/dfg\/wp-json\/wp\/v2\/media?parent=216"}],"wp:term":[{"taxonomy":"category","embeddable":true,"href":"https:\/\/dorffestgruiten.de\/dfg\/wp-json\/wp\/v2\/categories?post=216"},{"taxonomy":"post_tag","embeddable":true,"href":"https:\/\/dorffestgruiten.de\/dfg\/wp-json\/wp\/v2\/tags?post=216"}],"curies":[{"name":"wp","href":"https:\/\/api.w.org\/{rel}","templated":true}]}}