{"id":202,"date":"2026-02-23T19:24:11","date_gmt":"2026-02-23T18:24:11","guid":{"rendered":"https:\/\/dorffestgruiten.de\/dfg\/?p=202"},"modified":"2026-02-23T19:24:45","modified_gmt":"2026-02-23T18:24:45","slug":"202","status":"publish","type":"post","link":"https:\/\/dorffestgruiten.de\/dfg\/2026\/02\/23\/202\/","title":{"rendered":"Dorffest 2026 &#8211; Stand der Vorbereitungen"},"content":{"rendered":"\n[et_pb_section fb_built=&#8220;1&#8243; theme_builder_area=&#8220;post_content&#8220; _builder_version=&#8220;4.27.5&#8243; _module_preset=&#8220;default&#8220;][et_pb_row _builder_version=&#8220;4.27.5&#8243; _module_preset=&#8220;default&#8220; theme_builder_area=&#8220;post_content&#8220;][et_pb_column _builder_version=&#8220;4.27.5&#8243; _module_preset=&#8220;default&#8220; type=&#8220;4_4&#8243; theme_builder_area=&#8220;post_content&#8220;][et_pb_text _builder_version=&#8220;4.27.5&#8243; _module_preset=&#8220;default&#8220; theme_builder_area=&#8220;post_content&#8220; hover_enabled=&#8220;0&#8243; sticky_enabled=&#8220;0&#8243;]<p style=\"margin: 0px; font-style: normal; font-variant-caps: normal; font-width: normal; font-size: 14px; line-height: normal; font-family: 'Helvetica Neue'; font-size-adjust: none; font-kerning: auto; font-variant-alternates: normal; font-variant-ligatures: normal; font-variant-numeric: normal; font-variant-east-asian: normal; font-variant-position: normal; font-variant-emoji: normal; font-feature-settings: normal; font-optical-sizing: auto; font-variation-settings: normal;\">Keine vier Monate mehr, dann wird am 13.\/14. Juni auf dem Dorfanger das Gruitener Dorffest gefeiert; auch k\u00fcnftig immer am zweiten Juni-Wochenende. Die Planungen durch den im November 2025 neu gegr\u00fcndeten Dorffestverein Gruiten laufen auf Hochtouren. Das Fest wird am 13. Juni um 14.30 Uhr mit einer \u00d6kumenischen Andacht er\u00f6ffnet und Sonntag, 14. Juni, gegen 17 Uhr nach der Auslosung der Tombola-Preise auslaufen. F\u00fcr Mittwoch, 4. M\u00e4rz, hat der Vereinsvorstand die Vereine (19 Uhr, Evangelischer Gemeindesaal, Pr\u00e4lat-Marschall-Stra\u00dfe 58) eingeladen, um zum einen den Stand der Dinge zu berichten, zum anderen aber auch Teilnahme-Interessen einzuholen.<\/p>\n<p style=\"margin: 0px; font-style: normal; font-variant-caps: normal; font-width: normal; font-size: 14px; line-height: normal; font-family: 'Helvetica Neue'; font-size-adjust: none; font-kerning: auto; font-variant-alternates: normal; font-variant-ligatures: normal; font-variant-numeric: normal; font-variant-east-asian: normal; font-variant-position: normal; font-variant-emoji: normal; font-feature-settings: normal; font-optical-sizing: auto; font-variation-settings: normal; min-height: 16px;\">\n<p style=\"margin: 0px; font-style: normal; font-variant-caps: normal; font-width: normal; font-size: 14px; line-height: normal; font-family: 'Helvetica Neue'; font-size-adjust: none; font-kerning: auto; font-variant-alternates: normal; font-variant-ligatures: normal; font-variant-numeric: normal; font-variant-east-asian: normal; font-variant-position: normal; font-variant-emoji: normal; font-feature-settings: normal; font-optical-sizing: auto; font-variation-settings: normal;\">Einige Dinge sind bereits festgezogen. So wird es wieder eine Tombola geben, bei der es weniger, aber daf\u00fcr wertvolle Preise zu gewinnen gibt &#8211; von Bargeld bis zu Einkaufsgutscheinen. Die Einnahmen aus dem Losverkauf sollen &#8211; neben der Unterst\u00fctzung durch zahlreiche Sponsoren &#8211; eine wichtige S\u00e4ule der Dorffest-Finanzierung sein.\u00a0 Die Lose (St\u00fcckpreis 2 Euro) werden \u00fcber die teilnehmenden Vereine verkauft, aber auch an Infost\u00e4nden, die der Dorffestverein aufbauen wird. Einer davon wird am Freitag, 1. Mai, auf dem Dorfanger zu finden sein, wenn dort traditionell ein Maibaum aufgestellt wird.<\/p>\n<p style=\"margin: 0px; font-style: normal; font-variant-caps: normal; font-width: normal; font-size: 14px; line-height: normal; font-family: 'Helvetica Neue'; font-size-adjust: none; font-kerning: auto; font-variant-alternates: normal; font-variant-ligatures: normal; font-variant-numeric: normal; font-variant-east-asian: normal; font-variant-position: normal; font-variant-emoji: normal; font-feature-settings: normal; font-optical-sizing: auto; font-variation-settings: normal; min-height: 16px;\">\n<p style=\"margin: 0px; font-style: normal; font-variant-caps: normal; font-width: normal; font-size: 14px; line-height: normal; font-family: 'Helvetica Neue'; font-size-adjust: none; font-kerning: auto; font-variant-alternates: normal; font-variant-ligatures: normal; font-variant-numeric: normal; font-variant-east-asian: normal; font-variant-position: normal; font-variant-emoji: normal; font-feature-settings: normal; font-optical-sizing: auto; font-variation-settings: normal;\">Neben dem Dorffest sind die Maibaum-Aktion und auch das traditionelle Adventssingen auf dem Dorfanger die drei Veranstaltungen, die der Dorffestverein Gruiten im Auftrag der Stadt Haan als Veranstalterin organisiert und ausrichtet. Aus dem Kreis der gut 20 Gr\u00fcndungsmitglieder hat der Verein drei Arbeitskreise gebildet, in denen viele engagierte Gruitener ihr teilweise sehr spezialisiertes Wissen f\u00fcr die Allgemeinheit einbringen.<\/p>\n<p style=\"margin: 0px; font-style: normal; font-variant-caps: normal; font-width: normal; font-size: 14px; line-height: normal; font-family: 'Helvetica Neue'; font-size-adjust: none; font-kerning: auto; font-variant-alternates: normal; font-variant-ligatures: normal; font-variant-numeric: normal; font-variant-east-asian: normal; font-variant-position: normal; font-variant-emoji: normal; font-feature-settings: normal; font-optical-sizing: auto; font-variation-settings: normal; min-height: 16px;\">\n<p style=\"margin: 0px; font-style: normal; font-variant-caps: normal; font-width: normal; font-size: 14px; line-height: normal; font-family: 'Helvetica Neue'; font-size-adjust: none; font-kerning: auto; font-variant-alternates: normal; font-variant-ligatures: normal; font-variant-numeric: normal; font-variant-east-asian: normal; font-variant-position: normal; font-variant-emoji: normal; font-feature-settings: normal; font-optical-sizing: auto; font-variation-settings: normal;\">Am Dorffest sollen nur Vereine teilnehmen k\u00f6nnen, die Mitglied im Dorffestverein sind; das ist &#8211; f\u00fcr Vereine wie f\u00fcr Privatleute &#8211; f\u00fcr einen Jahresbeitrag von 36 Euro m\u00f6glich. Vereine zahlen zus\u00e4tzlich eine Standgeb\u00fchr; bei deren H\u00f6he wird ber\u00fccksichtigt sein, ob Einnahmen durch den Verkauf von zum Beispiel Speisen und Getr\u00e4nken erzielt werden.<\/p>\n<p style=\"margin: 0px; font-style: normal; font-variant-caps: normal; font-width: normal; font-size: 14px; line-height: normal; font-family: 'Helvetica Neue'; font-size-adjust: none; font-kerning: auto; font-variant-alternates: normal; font-variant-ligatures: normal; font-variant-numeric: normal; font-variant-east-asian: normal; font-variant-position: normal; font-variant-emoji: normal; font-feature-settings: normal; font-optical-sizing: auto; font-variation-settings: normal; min-height: 16px;\">\n<p style=\"margin: 0px; font-style: normal; font-variant-caps: normal; font-width: normal; font-size: 14px; line-height: normal; font-family: 'Helvetica Neue'; font-size-adjust: none; font-kerning: auto; font-variant-alternates: normal; font-variant-ligatures: normal; font-variant-numeric: normal; font-variant-east-asian: normal; font-variant-position: normal; font-variant-emoji: normal; font-feature-settings: normal; font-optical-sizing: auto; font-variation-settings: normal;\">Der Vorstand arbeitet an einer Internetseite (<a href=\"http:\/\/dorffestgruiten.de\" target=\"_blank\" rel=\"noopener noreferrer\">dorffestgruiten.de<\/a>), die zum Dreh- und Angelpunkt der Information \u00fcber den Verein und \u00fcber die Feste werden soll. Schon jetzt ist auf der Homepage der Aufnahme-Antrag zu finden. In K\u00fcrze wird der Dorffestverein auch in einem Schaukasten neben der Gruitener Stadt-Sparkassen-Filiale an der Bahnstra\u00dfe \u00fcber sich und seine Arbeit informieren.<\/p>[\/et_pb_text][\/et_pb_column][\/et_pb_row][\/et_pb_section]\n","protected":false},"excerpt":{"rendered":"<p>Keine vier Monate mehr, dann wird am 13.\/14. Juni auf dem Dorfanger das Gruitener Dorffest gefeiert; auch k\u00fcnftig immer am zweiten Juni-Wochenende. Die Planungen durch den im November 2025 neu gegr\u00fcndeten Dorffestverein Gruiten laufen auf Hochtouren. Das Fest wird am 13. Juni um 14.30 Uhr mit einer \u00d6kumenischen Andacht er\u00f6ffnet und Sonntag, 14. Juni, gegen [&hellip;]<\/p>\n","protected":false},"author":1,"featured_media":188,"comment_status":"closed","ping_status":"open","sticky":false,"template":"","format":"standard","meta":{"_et_pb_use_builder":"on","_et_pb_old_content":"","_et_gb_content_width":"","footnotes":""},"categories":[1],"tags":[],"class_list":["post-202","post","type-post","status-publish","format-standard","has-post-thumbnail","hentry","category-allgemein"],"_links":{"self":[{"href":"https:\/\/dorffestgruiten.de\/dfg\/wp-json\/wp\/v2\/posts\/202","targetHints":{"allow":["GET"]}}],"collection":[{"href":"https:\/\/dorffestgruiten.de\/dfg\/wp-json\/wp\/v2\/posts"}],"about":[{"href":"https:\/\/dorffestgruiten.de\/dfg\/wp-json\/wp\/v2\/types\/post"}],"author":[{"embeddable":true,"href":"https:\/\/dorffestgruiten.de\/dfg\/wp-json\/wp\/v2\/users\/1"}],"replies":[{"embeddable":true,"href":"https:\/\/dorffestgruiten.de\/dfg\/wp-json\/wp\/v2\/comments?post=202"}],"version-history":[{"count":4,"href":"https:\/\/dorffestgruiten.de\/dfg\/wp-json\/wp\/v2\/posts\/202\/revisions"}],"predecessor-version":[{"id":207,"href":"https:\/\/dorffestgruiten.de\/dfg\/wp-json\/wp\/v2\/posts\/202\/revisions\/207"}],"wp:featuredmedia":[{"embeddable":true,"href":"https:\/\/dorffestgruiten.de\/dfg\/wp-json\/wp\/v2\/media\/188"}],"wp:attachment":[{"href":"https:\/\/dorffestgruiten.de\/dfg\/wp-json\/wp\/v2\/media?parent=202"}],"wp:term":[{"taxonomy":"category","embeddable":true,"href":"https:\/\/dorffestgruiten.de\/dfg\/wp-json\/wp\/v2\/categories?post=202"},{"taxonomy":"post_tag","embeddable":true,"href":"https:\/\/dorffestgruiten.de\/dfg\/wp-json\/wp\/v2\/tags?post=202"}],"curies":[{"name":"wp","href":"https:\/\/api.w.org\/{rel}","templated":true}]}}